{"id":10433,"date":"2021-03-19T10:51:19","date_gmt":"2021-03-19T10:51:19","guid":{"rendered":"http:\/\/uvmk.unet.mk\/?p=10433"},"modified":"2021-03-24T13:17:16","modified_gmt":"2021-03-24T13:17:16","slug":"lajmerim","status":"publish","type":"post","link":"https:\/\/uvmk.gov.mk\/sq\/lajmerim\/","title":{"rendered":"LAJM\u00cbRIM"},"content":{"rendered":"<p><strong>Lajm\u00ebrohen t\u00eb gjith\u00eb qytetar\u00ebt Shkupit dhe rrethin\u00ebs se p\u00ebr shkak t\u00eb rinovimit t\u00eb objektit nga Ministria e Shoq\u00ebris\u00eb Informatike dhe Administrat\u00ebs, n\u00eb t\u00eb cilin \u00ebsht\u00eb vendosur Nj\u00ebsia Rajonale &#8211; Shkup e Drejtoris\u00eb s\u00eb Udh\u00ebheqjes s\u00eb Librave Amz\u00eb, k\u00ebrkesat p\u00ebr certifikat\u00eb t\u00eb lindjes, kuror\u00ebzimit dhe t\u00eb t\u00eb vdekurve mund t\u2019i parashtrojn\u00eb n\u00eb form\u00eb elektronike p\u00ebrmes ueb portalit ton\u00eb&nbsp;<a href=\"https:\/\/e-portal.uvmk.gov.mk\/external\/portalHomePage\">https:\/\/e-portal.uvmk.gov.mk\/external\/portalHomePage<\/a>&nbsp;ose t\u00eb drejtohen deri tek Zyra m\u00eb e af\u00ebrt e vendit t\u00eb Drejtoris\u00eb p\u00ebr parashtrimin dhe t\u00ebrheqjen e t\u00eb nj\u00ebjtave.Zyrat e vendit t\u00eb Drejtoris\u00eb s\u00eb Udh\u00ebheqjes s\u00eb Librave Amz\u00eb: Studeni\u00e7an, Kisella vod\u00eb, \u00c7air, Butel, Shuto orizare, \u00c7u\u00e7er sandev\u00eb, Gjor\u00e7e Petrov, Saraj, Maxhari, Hasanbeg, Petrovec, Ilinden dhe Hara\u00e7in\u00eb<\/strong><\/p>\n\n\n\n<p><strong>Ju faleminderit p\u00ebr mir\u00ebkuptimin.<\/strong><\/p>\n\n\n\n<p><strong>Me respekt,Drejtoria e Udh\u00ebheqjes s\u00eb Librave Amz\u00eb, Nj\u00ebsia Rajonale &#8211; Shkup.<\/strong><\/p>\n\n\n\n<ul><li><\/li><\/ul>","protected":false},"excerpt":{"rendered":"<p>Lajm\u00ebrohen t\u00eb gjith\u00eb qytetar\u00ebt Shkupit dhe rrethin\u00ebs se p\u00ebr shkak t\u00eb rinovimit t\u00eb objektit nga Ministria e Shoq\u00ebris\u00eb Informatike dhe Administrat\u00ebs, n\u00eb t\u00eb cilin \u00ebsht\u00eb vendosur Nj\u00ebsia Rajonale &#8211; Shkup e Drejtoris\u00eb s\u00eb Udh\u00ebheqjes s\u00eb Librave Amz\u00eb, k\u00ebrkesat p\u00ebr certifikat\u00eb t\u00eb lindjes, kuror\u00ebzimit dhe t\u00eb t\u00eb vdekurve mund t\u2019i parashtrojn\u00eb n\u00eb form\u00eb elektronike p\u00ebrmes ueb [&hellip;]<\/p>","protected":false},"author":1,"featured_media":0,"comment_status":"open","ping_status":"open","sticky":false,"template":"","format":"standard","meta":[],"categories":[60],"tags":[],"_links":{"self":[{"href":"https:\/\/uvmk.gov.mk\/sq\/wp-json\/wp\/v2\/posts\/10433"}],"collection":[{"href":"https:\/\/uvmk.gov.mk\/sq\/wp-json\/wp\/v2\/posts"}],"about":[{"href":"https:\/\/uvmk.gov.mk\/sq\/wp-json\/wp\/v2\/types\/post"}],"author":[{"embeddable":true,"href":"https:\/\/uvmk.gov.mk\/sq\/wp-json\/wp\/v2\/users\/1"}],"replies":[{"embeddable":true,"href":"https:\/\/uvmk.gov.mk\/sq\/wp-json\/wp\/v2\/comments?post=10433"}],"version-history":[{"count":2,"href":"https:\/\/uvmk.gov.mk\/sq\/wp-json\/wp\/v2\/posts\/10433\/revisions"}],"predecessor-version":[{"id":10437,"href":"https:\/\/uvmk.gov.mk\/sq\/wp-json\/wp\/v2\/posts\/10433\/revisions\/10437"}],"wp:attachment":[{"href":"https:\/\/uvmk.gov.mk\/sq\/wp-json\/wp\/v2\/media?parent=10433"}],"wp:term":[{"taxonomy":"category","embeddable":true,"href":"https:\/\/uvmk.gov.mk\/sq\/wp-json\/wp\/v2\/categories?post=10433"},{"taxonomy":"post_tag","embeddable":true,"href":"https:\/\/uvmk.gov.mk\/sq\/wp-json\/wp\/v2\/tags?post=10433"}],"curies":[{"name":"wp","href":"https:\/\/api.w.org\/{rel}","templated":true}]}}