{"id":10435,"date":"2021-03-19T10:52:22","date_gmt":"2021-03-19T10:52:22","guid":{"rendered":"http:\/\/uvmk.unet.mk\/?p=10435"},"modified":"2021-03-24T13:17:12","modified_gmt":"2021-03-24T13:17:12","slug":"dhurimi-i-fondeve-nga-unhcr-tek-drejtorise-per-mbajtjen-e-librave-ame","status":"publish","type":"post","link":"https:\/\/uvmk.gov.mk\/sq\/dhurimi-i-fondeve-nga-unhcr-tek-drejtorise-per-mbajtjen-e-librave-ame\/","title":{"rendered":"Dhurimi i fondeve nga UNHCR tek Drejtoris\u00eb p\u00ebr mbajtjen e librave am\u00eb"},"content":{"rendered":"<p>T\u00eb nderuar,<br>M\u00eb dat\u00eb 28. 03.2018, drejtori i Drejtoris\u00eb p\u00ebr mbajtjen e librave am\u00eb z. Bujar Dardhishta bashk\u00eb me p\u00ebrfaq\u00ebsuesit e UNHCR \u2013 Shkup, n\u00ebnshkruan marr\u00ebveshje p\u00ebr transferimin e mjeteve t\u00eb cilat jan\u00eb n\u00eb pron\u00ebsi t\u00eb UNHCR-s\u00eb.<br>Gjithashtu, gjat\u00eb pro\u00e7esit t\u00eb n\u00ebnshkrimit t\u00eb marr\u00ebveshjes jan\u00eb dor\u00ebzuar mjete \u2013 pajisje teknike (1 kompjutor i cili mbartet, 3 kompjutor\u00eb, 25 printer\u00eb dhe tre printer\u00eb multifunksional\u00eb) t\u00eb cil\u00ebt do t\u00eb leht\u00ebsojn\u00eb dhe p\u00ebrshpejtojn\u00eb l\u00ebshimin e certifikatave nga librat am\u00eb t\u00eb lindjeve, nga librat am\u00eb t\u00eb martesave dhe librat am\u00eb t\u00eb t\u00eb vdekurve.<\/p>\n\n\n\n<figure class=\"wp-block-image\"><img decoding=\"async\" src=\"https:\/\/www.uvmk.gov.mk\/files\/sliki\/novi_za_sajt\/UVMK-UNHCR-02.jpg\" alt=\"\u0443\u043d\u0445\u0446\u0440\"\/><\/figure>\n\n\n\n<p>Jemi mir\u00ebnjoh\u00ebs p\u00ebr mb\u00ebshtetjen e dh\u00ebn\u00eb nga UNHCR-ja dhe shpresojm\u00eb q\u00eb n\u00eb t\u00eb ardhmen do t\u00eb kemi bashk\u00ebpunim p\u00ebr ngritjen e kapaciteteve t\u00eb stafit t\u00eb Drejtoris\u00eb me q\u00ebllim q\u00eb t\u00eb p\u00ebrmir\u00ebsojm\u00eb sh\u00ebrbimet t\u00eb cilat ne i ofrojm\u00eb p\u00ebr qytetar\u00ebt e Maqedonis\u00eb.<\/p>\n\n\n\n<figure class=\"wp-block-image\"><img decoding=\"async\" src=\"https:\/\/www.uvmk.gov.mk\/files\/sliki\/novi_za_sajt\/UVMK-UNHCR-01.jpg\" alt=\"\u0443\u043d\u0445\u0446\u0440\"\/><\/figure>","protected":false},"excerpt":{"rendered":"<p>T\u00eb nderuar,M\u00eb dat\u00eb 28. 03.2018, drejtori i Drejtoris\u00eb p\u00ebr mbajtjen e librave am\u00eb z. Bujar Dardhishta bashk\u00eb me p\u00ebrfaq\u00ebsuesit e UNHCR \u2013 Shkup, n\u00ebnshkruan marr\u00ebveshje p\u00ebr transferimin e mjeteve t\u00eb cilat jan\u00eb n\u00eb pron\u00ebsi t\u00eb UNHCR-s\u00eb.Gjithashtu, gjat\u00eb pro\u00e7esit t\u00eb n\u00ebnshkrimit t\u00eb marr\u00ebveshjes jan\u00eb dor\u00ebzuar mjete \u2013 pajisje teknike (1 kompjutor i cili mbartet, 3 kompjutor\u00eb, [&hellip;]<\/p>","protected":false},"author":1,"featured_media":0,"comment_status":"open","ping_status":"open","sticky":false,"template":"","format":"standard","meta":[],"categories":[60],"tags":[],"_links":{"self":[{"href":"https:\/\/uvmk.gov.mk\/sq\/wp-json\/wp\/v2\/posts\/10435"}],"collection":[{"href":"https:\/\/uvmk.gov.mk\/sq\/wp-json\/wp\/v2\/posts"}],"about":[{"href":"https:\/\/uvmk.gov.mk\/sq\/wp-json\/wp\/v2\/types\/post"}],"author":[{"embeddable":true,"href":"https:\/\/uvmk.gov.mk\/sq\/wp-json\/wp\/v2\/users\/1"}],"replies":[{"embeddable":true,"href":"https:\/\/uvmk.gov.mk\/sq\/wp-json\/wp\/v2\/comments?post=10435"}],"version-history":[{"count":1,"href":"https:\/\/uvmk.gov.mk\/sq\/wp-json\/wp\/v2\/posts\/10435\/revisions"}],"predecessor-version":[{"id":10436,"href":"https:\/\/uvmk.gov.mk\/sq\/wp-json\/wp\/v2\/posts\/10435\/revisions\/10436"}],"wp:attachment":[{"href":"https:\/\/uvmk.gov.mk\/sq\/wp-json\/wp\/v2\/media?parent=10435"}],"wp:term":[{"taxonomy":"category","embeddable":true,"href":"https:\/\/uvmk.gov.mk\/sq\/wp-json\/wp\/v2\/categories?post=10435"},{"taxonomy":"post_tag","embeddable":true,"href":"https:\/\/uvmk.gov.mk\/sq\/wp-json\/wp\/v2\/tags?post=10435"}],"curies":[{"name":"wp","href":"https:\/\/api.w.org\/{rel}","templated":true}]}}